{"id":1878,"date":"2024-06-26T22:16:55","date_gmt":"2024-06-26T20:16:55","guid":{"rendered":"https:\/\/lesnouvellesparlementaires.eu\/?p=1878"},"modified":"2024-06-26T22:16:55","modified_gmt":"2024-06-26T20:16:55","slug":"moselle-un-partenaire-privilegie-des-territoires-et-des-collectivites-territoriales","status":"publish","type":"post","link":"https:\/\/swissmedia.uk\/index.php\/2024\/06\/26\/moselle-un-partenaire-privilegie-des-territoires-et-des-collectivites-territoriales\/","title":{"rendered":"Moselle : Un partenaire privil\u00e9gi\u00e9 des territoires et des collectivit\u00e9s territoriales"},"content":{"rendered":"\n<p><strong>Le Conseil d\u00e9partemental de la Moselle est le garant de l\u2019\u00e9quilibre entre les territoires et de la coh\u00e9sion sociale. Sa nouvelle politique territoriale incarne une volont\u00e9 d\u2019accompagnement simplifi\u00e9 et lisible des projets de territoire et de d\u00e9veloppement de l\u2019offre de services et d\u2019\u00e9quipements aux habitants<\/strong><\/p>\n\n\n\n<p>Quels sont les grands enjeux li\u00e9s \u00e0 l\u2019am\u00e9nagement du territoire en Moselle ? La Moselle, qui compte un million d\u2019habitants, est le 2e d\u00e9partement le plus peupl\u00e9 de la r\u00e9gion Grand Est apr\u00e8s le Bas-Rhin, avec une \u00e9volution d\u00e9mographique tr\u00e8s l\u00e9g\u00e8rement positive. Parmi les principaux enjeux en mati\u00e8re d\u2019am\u00e9nagement du territoire, on peut citer le renforcement de l\u2019attractivit\u00e9 du territoire et du rayonnement de l\u2019Universit\u00e9 de Lorraine et du p\u00f4le de Metz, la prise en compte du vieillissement de la population, l\u2019insertion des b\u00e9n\u00e9ficiaires du RSA, le d\u00e9veloppement du bilinguisme \u00e0 l\u2019\u00e9cole, l\u2019augmentation des emplois salari\u00e9s, le passage vers une \u00e9conomie nouvelle, cr\u00e9atrice d\u2019activit\u00e9s, de valeur ajout\u00e9e et d\u2019emploi. Il faut aussi \u00e9voquer la valorisation des friches comme espaces de d\u00e9veloppement, le renforcement des fili\u00e8res agro-alimentaire, agricole et touristique, la r\u00e9habilitation de l\u2019habitat, l\u2019\u00e9quit\u00e9 territoriale pour les services et \u00e9quipements en lien avec le d\u00e9ploiement du num\u00e9rique et pour l\u2019acc\u00e8s aux soins, la mobilit\u00e9 durable, etc.<\/p>\n\n\n\n<h2 class=\"wp-block-heading\">Comment le D\u00e9partement accompagne-t-il communes et intercommunalit\u00e9s dans leurs projets d\u2019am\u00e9nagement ?<\/h2>\n\n\n\n<p>Le Conseil d\u00e9partemental de la Moselle est un partenaire privil\u00e9gi\u00e9 des territoires et des collectivit\u00e9s territoriales. Il a vot\u00e9 un nouveau dispositif, en lien avec sa comp\u00e9tence de solidarit\u00e9 territoriale, suite aux \u00e9changes avec les pr\u00e9sidents d\u2019EPCI et maires des 5 territoires mosellans. D\u00e8s 2020, les contrats Ambition Moselle constitueront le cadre de ce partenariat entre : &#8211; le D\u00e9partement et les 22 communaut\u00e9s de communes et d\u2019agglom\u00e9ration ; &#8211; le D\u00e9partement et la m\u00e9tropole ; &#8211; le D\u00e9partement et les 725 communes.<\/p>\n\n\n\n<p>Les priorit\u00e9s de la nouvelle politique territoriale reposent sur 10 volets d\u2019intervention : jeunesse et \u00e9ducation, qualit\u00e9 de vie, logement-habitat, mobilit\u00e9s, transition \u00e9cologique et \u00e9nerg\u00e9tique, \u00e9conomie de proximit\u00e9, transition num\u00e9rique, foncier et friches, social, transfrontalier. Une autorisation de programme de 125 millions d\u2019euros est pr\u00e9vue de 2020 \u00e0 2025.<\/p>\n\n\n\n<h3 class=\"wp-block-heading\">Quelles sont les priorit\u00e9s de la politique agricole du D\u00e9partement ?<\/h3>\n\n\n\n<p>Le budget 2019 de la politique agricole d\u00e9partementale est de 3 085 000 \u20ac (cr\u00e9dits de paiement). Avec pr\u00e8s de 2 400 exploitations, 8 100 emplois dont 3 819 emplois salari\u00e9s, une valorisation de plus de 50 % des sols mosellans, l\u2019agriculture a un r\u00f4le dans l\u2019\u00e9conomie, le d\u00e9veloppement et l\u2019am\u00e9nagement du territoire, \u2019animation et la coh\u00e9sion territoriale, l\u2019attractivit\u00e9 des territoires. Le D\u00e9partement accompagne l\u2019agriculture gr\u00e2ce \u00e0 une politique d\u2019intervention dynamique et constructive, notamment dans l\u2019am\u00e9nagement du territoire et la valorisation du terroir. Le sch\u00e9ma d\u00e9partemental en faveur de l\u2019agriculture adopt\u00e9 le 1er f\u00e9vrier 2018 vise \u00e0 accompagner la transformation des syst\u00e8mes agricoles existants vers des syst\u00e8mes innovants en mati\u00e8re de productions garantissant un meilleur retour de la valeur ajout\u00e9e dans les exploitations et en mati\u00e8re de solidarit\u00e9 et d\u2019insertion. Le D\u00e9partement a sign\u00e9 une charte d\u2019engagement pour l\u2019agriculture mosellanele 26 octobre 2018 qui a r\u00e9uni la profession agricole et les associations d\u2019\u00e9lus mosellans.<\/p>\n","protected":false},"excerpt":{"rendered":"<p>Le Conseil d\u00e9partemental de la Moselle est le garant de l\u2019\u00e9quilibre entre les territoires et de la coh\u00e9sion sociale. Sa nouvelle politique territoriale incarne une volont\u00e9 d\u2019accompagnement simplifi\u00e9 et lisible des projets de territoire et de d\u00e9veloppement de l\u2019offre de services et d\u2019\u00e9quipements aux habitants Quels sont les grands enjeux li\u00e9s \u00e0 l\u2019am\u00e9nagement du territoire [&hellip;]<\/p>\n","protected":false},"author":1,"featured_media":1879,"comment_status":"closed","ping_status":"closed","sticky":false,"template":"","format":"standard","meta":{"footnotes":""},"categories":[20],"tags":[],"class_list":["post-1878","post","type-post","status-publish","format-standard","has-post-thumbnail","hentry","category-habitat"],"_links":{"self":[{"href":"https:\/\/swissmedia.uk\/index.php\/wp-json\/wp\/v2\/posts\/1878","targetHints":{"allow":["GET"]}}],"collection":[{"href":"https:\/\/swissmedia.uk\/index.php\/wp-json\/wp\/v2\/posts"}],"about":[{"href":"https:\/\/swissmedia.uk\/index.php\/wp-json\/wp\/v2\/types\/post"}],"author":[{"embeddable":true,"href":"https:\/\/swissmedia.uk\/index.php\/wp-json\/wp\/v2\/users\/1"}],"replies":[{"embeddable":true,"href":"https:\/\/swissmedia.uk\/index.php\/wp-json\/wp\/v2\/comments?post=1878"}],"version-history":[{"count":1,"href":"https:\/\/swissmedia.uk\/index.php\/wp-json\/wp\/v2\/posts\/1878\/revisions"}],"predecessor-version":[{"id":1880,"href":"https:\/\/swissmedia.uk\/index.php\/wp-json\/wp\/v2\/posts\/1878\/revisions\/1880"}],"wp:featuredmedia":[{"embeddable":true,"href":"https:\/\/swissmedia.uk\/index.php\/wp-json\/wp\/v2\/media\/1879"}],"wp:attachment":[{"href":"https:\/\/swissmedia.uk\/index.php\/wp-json\/wp\/v2\/media?parent=1878"}],"wp:term":[{"taxonomy":"category","embeddable":true,"href":"https:\/\/swissmedia.uk\/index.php\/wp-json\/wp\/v2\/categories?post=1878"},{"taxonomy":"post_tag","embeddable":true,"href":"https:\/\/swissmedia.uk\/index.php\/wp-json\/wp\/v2\/tags?post=1878"}],"curies":[{"name":"wp","href":"https:\/\/api.w.org\/{rel}","templated":true}]}}