{"id":1875,"date":"2024-06-26T22:08:58","date_gmt":"2024-06-26T20:08:58","guid":{"rendered":"https:\/\/lesnouvellesparlementaires.eu\/?p=1875"},"modified":"2024-06-26T22:08:59","modified_gmt":"2024-06-26T20:08:59","slug":"lavenir-aime-la-charente","status":"publish","type":"post","link":"https:\/\/swissmedia.uk\/index.php\/2024\/06\/26\/lavenir-aime-la-charente\/","title":{"rendered":"L&rsquo;avenir aime La Charente"},"content":{"rendered":"\n<p><strong>D\u00e9partement aux multiples atouts, la Charente est un territoire authentique aux activit\u00e9s foisonnantes. Pr\u00e9sident du D\u00e9partement, Philippe Bouty revient dans cet entretien sur les enjeux et d\u00e9fis \u00e0 venir.<\/strong><\/p>\n\n\n\n<p>La Charente a un large potentiel qui s\u2019exprime dans les secteurs culturels, touristiques ou encore agricoles. Quels sont les atouts du territoire ? La singularit\u00e9 de son art de vivre est le principal atout de la Charente. Quiconque parcourt ce d\u00e9partement s\u2019\u00e9merveillera des campagnes lumineuses et des bourgs pr\u00e9serv\u00e9s avec un patrimoine exceptionnel. Le terroir, dont le vignoble de Cognac est l\u2019un des tr\u00e9sors, r\u00e9serve d\u2019extraordinaires surprises gastronomiques, comme la viande rouge de Charente-Limousine ou encore ses fromages. Sports de pleine nature, balades \u00e0 v\u00e9lo ou encore activit\u00e9s nautiques se conjuguent \u00e0 une activit\u00e9 cr\u00e9ative et culturelle foisonnante ! L\u2019image, le cin\u00e9ma d\u2019animation et la Bande dessin\u00e9e, avec son festival incontournable, marquent le pas d\u2019une vitalit\u00e9 culturelle que la Charente revendique et dont elle est fi\u00e8re !<\/p>\n\n\n\n<h3 class=\"wp-block-heading\">Le D\u00e9partement participe pour la premi\u00e8re fois en 2023 au Salon de l\u2019Agriculture. Quels messages souhaitez-vous faire passer aux producteurs locaux et plus largement aux Fran\u00e7ais ?<\/h3>\n\n\n\n<p>En revenant sur le Salon de l\u2019agriculture apr\u00e8s plusieurs ann\u00e9es, nous avons souhait\u00e9 offrir \u00e0 nos producteurs la vitrine de l\u2019extraordinaire qualit\u00e9 de leurs produits, issus de ce que la Charente a de plus remarquable, en terme de savoir-faire. C\u2019est un fait, la consommation locale, et l\u2019acte d\u2019achat par les consommateurs, de produits pour lesquels les interm\u00e9diaires sont limit\u00e9s, est un enjeu pour l\u2019avenir. L\u2019agriculture est essentielle \u00e0 la vitalit\u00e9 de nos territoires ruraux et la Charente est naturellement concern\u00e9e. Le D\u00e9partement soutient les activit\u00e9s des producteurs et ses politiques visent \u00e0 concilier d\u00e9veloppement durable et accessibilit\u00e9 alimentaire pour toutes et tous, ce vers quoi tendent les consommateurs.<\/p>\n\n\n\n<h3 class=\"wp-block-heading\">Comment le D\u00e9partement aide-t-il \u00e0 valoriser ses producteurs locaux ?<\/h3>\n\n\n\n<p>Plusieurs actions sont conduites par le D\u00e9partement pour accompagner les producteurs locaux, renforcer les circuits courts et valoriser l\u2019agriculture biologique. La plateforme \u00ab Agrilocal 16 \u00bb permet de mettre en relation les producteurs et acheteurs de la restauration. Nous intervenons aussi en soutien de la Chambre d\u2019agriculture de la Charente et de la Maison de l\u2019Agriculture Biologique pour des actions sp\u00e9cifiques de valorisation. Notre action phare, instaur\u00e9e d\u00e8s 2021 a permis de lancer un Projet Alimentaire Territorial pour relocaliser l\u2019agriculture et l\u2019alimentation et mettre en lumi\u00e8re la qualit\u00e9 des produits. De nombreux en jeux appellent une intervention forte du D\u00e9partement : n\u00e9cessit\u00e9 de produits charentais locaux et de qualit\u00e9 dans la restauration collective, sensibilisation des g\u00e9n\u00e9rations futures, limitation de l\u2019impact de l\u2019agriculture sur l\u2019environnement, structuration des fili\u00e8res, soutien des agriculteurs en difficult\u00e9 ou encore, pr\u00e9servation du foncier agricole.<\/p>\n\n\n\n<h3 class=\"wp-block-heading\">Quels seront les enjeux et d\u00e9fis \u00e0 relever pour le territoire cette ann\u00e9e ?<\/h3>\n\n\n\n<p>Le D\u00e9partement a plac\u00e9 le d\u00e9fi de lutter contre le r\u00e9chauffement climatique au premier rang de ses ambitions. En 2022, la Charente a \u00e9t\u00e9 frapp\u00e9e par un incendie sans pr\u00e9c\u00e9dent, une s\u00e9cheresse qui a visiblement ass\u00e9ch\u00e9 ses cours d\u2019eau. Cette ann\u00e9e, la priorit\u00e9 sera \u00e0 la consolidation de son action environnementale : projets de territoires plus vertueux, r\u00e9novation thermique des b\u00e2timents et des coll\u00e8ges, action en direction d\u2019une agriculture plus durable, reconqu\u00eate des espaces naturels sensibles et des milieux\u2026 La feuille de route est dense et elle se veut \u00e0 la hauteur des enjeux<\/p>\n","protected":false},"excerpt":{"rendered":"<p>D\u00e9partement aux multiples atouts, la Charente est un territoire authentique aux activit\u00e9s foisonnantes. Pr\u00e9sident du D\u00e9partement, Philippe Bouty revient dans cet entretien sur les enjeux et d\u00e9fis \u00e0 venir. La Charente a un large potentiel qui s\u2019exprime dans les secteurs culturels, touristiques ou encore agricoles. Quels sont les atouts du territoire ? La singularit\u00e9 de [&hellip;]<\/p>\n","protected":false},"author":1,"featured_media":1876,"comment_status":"open","ping_status":"open","sticky":false,"template":"","format":"standard","meta":{"footnotes":""},"categories":[17],"tags":[],"class_list":["post-1875","post","type-post","status-publish","format-standard","has-post-thumbnail","hentry","category-defis"],"_links":{"self":[{"href":"https:\/\/swissmedia.uk\/index.php\/wp-json\/wp\/v2\/posts\/1875","targetHints":{"allow":["GET"]}}],"collection":[{"href":"https:\/\/swissmedia.uk\/index.php\/wp-json\/wp\/v2\/posts"}],"about":[{"href":"https:\/\/swissmedia.uk\/index.php\/wp-json\/wp\/v2\/types\/post"}],"author":[{"embeddable":true,"href":"https:\/\/swissmedia.uk\/index.php\/wp-json\/wp\/v2\/users\/1"}],"replies":[{"embeddable":true,"href":"https:\/\/swissmedia.uk\/index.php\/wp-json\/wp\/v2\/comments?post=1875"}],"version-history":[{"count":1,"href":"https:\/\/swissmedia.uk\/index.php\/wp-json\/wp\/v2\/posts\/1875\/revisions"}],"predecessor-version":[{"id":1877,"href":"https:\/\/swissmedia.uk\/index.php\/wp-json\/wp\/v2\/posts\/1875\/revisions\/1877"}],"wp:featuredmedia":[{"embeddable":true,"href":"https:\/\/swissmedia.uk\/index.php\/wp-json\/wp\/v2\/media\/1876"}],"wp:attachment":[{"href":"https:\/\/swissmedia.uk\/index.php\/wp-json\/wp\/v2\/media?parent=1875"}],"wp:term":[{"taxonomy":"category","embeddable":true,"href":"https:\/\/swissmedia.uk\/index.php\/wp-json\/wp\/v2\/categories?post=1875"},{"taxonomy":"post_tag","embeddable":true,"href":"https:\/\/swissmedia.uk\/index.php\/wp-json\/wp\/v2\/tags?post=1875"}],"curies":[{"name":"wp","href":"https:\/\/api.w.org\/{rel}","templated":true}]}}