{"id":1862,"date":"2024-06-26T21:33:07","date_gmt":"2024-06-26T19:33:07","guid":{"rendered":"https:\/\/lesnouvellesparlementaires.eu\/?p=1862"},"modified":"2024-06-26T21:47:38","modified_gmt":"2024-06-26T19:47:38","slug":"notre-region-de-lindianoceanieest-vulnerable-par-nature","status":"publish","type":"post","link":"https:\/\/swissmedia.uk\/index.php\/2024\/06\/26\/notre-region-de-lindianoceanieest-vulnerable-par-nature\/","title":{"rendered":"Notre r\u00e9gion de l\u2019Indianoc\u00e9anieest vuln\u00e9rable par nature !"},"content":{"rendered":"\n<h3 class=\"wp-block-heading\">Depuis septembre 2018, la pr\u00e9sidence seychelloise du Conseil des Ministres de la COI s&rsquo;appuie sur les actions en faveur de l&rsquo;\u00e9conomie bleue, la s\u00e9curit\u00e9 maritime, la promotion des int\u00e9r\u00eats consulaires ainsi que la modernisation de la Commission de l\u2019oc\u00e9an Indien.<\/h3>\n\n\n\n<p>Apr\u00e8s avoir connu une s\u00e9v\u00e8re crise de la balance des paiements et de l\u2019endettement en 2008, les Seychelles sont parvenues \u00e0 stabiliser leur situation macro\u00e9conomique. Le taux de croissance est de 4,1 % en 2018. Pouvez-vous nous pr\u00e9ciser quelles sont les principaux programmes engag\u00e9s pour favoriser la diversification de l\u2019\u00e9conomie ? Nous sommes parvenus \u00e0 stabiliser notre situation macro\u00e9conomique gr\u00e2ce \u00e0 des r\u00e9formes budg\u00e9taires et \u00e0 la lib\u00e9ralisation du taux de change, avec le soutien du Fonds Mon\u00e9taire International (FMI). Les bonnes performances macro\u00e9conomiques des Seychelles sont dues : au bon fonctionnement de l&rsquo;\u00e9conomie ; \u00e0 la stabilit\u00e9 des prix ; au maintien de l&rsquo;inflation tout au long de l&rsquo;ann\u00e9e 2008 ; \u00e0 la discipline fiscale et aux r\u00e9formes budg\u00e9taires ; \u00e0 l\u2019am\u00e9lioration de la surveillance et de la performance financi\u00e8re des entreprises d&rsquo;\u00c9tat et \u00e0 la mise en \u0153uvre d&rsquo;une s\u00e9rie de r\u00e9formes structurelles.<\/p>\n\n\n\n<p>Cela peut \u00e9galement \u00eatre attribu\u00e9 \u00e0 une politique mon\u00e9taire prudente men\u00e9e par la Banque centrale des Seychelles depuis le deuxi\u00e8me trimestre de 2008. Les mesures que nous avons prises comprennent : \u2022 la diversification de l&rsquo;\u00e9conomie dans le cadre de l&rsquo;initiative de l&rsquo;\u00e9conomie bleue ; \u2022 l&rsquo;am\u00e9lioration du climat des affaires gr\u00e2ce \u00e0 la num\u00e9risation et au renforcement des entreprises d&rsquo;\u00c9tat ; \u2022 Une autre mesure concerne le plan de restructuration d&rsquo;Air Seychelles. La performance globale des Seychelles est donc tr\u00e8s solide.<\/p>\n\n\n\n<h3 class=\"wp-block-heading\">Quelles sont vos priorit\u00e9s en mati\u00e8re de d\u00e9veloppement durable ?<\/h3>\n\n\n\n<p>Les Seychelles ont mis en place un plan du d\u00e9veloppement durable avec pour ambition premi\u00e8re : la protection de leur faune et de leur flore, en luttant contre le r\u00e9chauffement climatique. Nos priorit\u00e9s sont d\u00e9clin\u00e9es dans le nouveau plan strat\u00e9gique de la biodiversit\u00e9 et des actions nationales des Seychelles, lanc\u00e9 en 2012, appel\u00e9 le \u00ab Seychelles Sustainable Development Strategy 2012-2020 \u00bb (SSDS). Ce plan propose une feuille de route qui permet d&rsquo;identifier les priorit\u00e9s afin de pr\u00e9server l&rsquo;environnement. Selon ce plan strat\u00e9gique, le d\u00e9veloppement durable des Seychelles s&rsquo;articule autour de deux objectifs : accro\u00eetre l&rsquo;\u00e9conomie locale et promouvoir l&rsquo;industrie du tourisme durable.<\/p>\n\n\n\n<p>D&rsquo;un point de vue \u00e9conomique, la priorit\u00e9 est d&rsquo;encourager les habitants \u00e0 participer au d\u00e9veloppement touristique, en pr\u00e9servant le patrimoine, et les coutumes. Aussi, nous pr\u00e9voyons de r\u00e9duire significativement les impacts n\u00e9gatifs du d\u00e9veloppement touristique sur l&rsquo;environnement et la soci\u00e9t\u00e9, en valorisant la gestion des ressources locales et naturelles.<\/p>\n\n\n\n<h3 class=\"wp-block-heading\">Pouvons-nous \u00e9voquer vos engagements et projets en mati\u00e8re d\u2019am\u00e9nagement du territoire, d\u2019insertion et d\u2019emploi et en ce qui concerne la sant\u00e9 et l\u2019\u00e9ducation ?<\/h3>\n\n\n\n<p>Il y a plusieurs projets importants que les Seychelles se sont engag\u00e9s \u00e0 mettre en \u0153uvre, et ces projets s\u2019articulent principalement autour de notre principal contributeur \u00e0 l\u2019\u00e9conomie, \u00e0 savoir l\u2019industrie touristique. L\u2019objectif de notre gouvernement est d\u2019\u00e9liminer la pauvret\u00e9, d\u2019augmenter les investissements, et de doubler les offres d\u2019emploi avec un nombre croissant de travailleurs seychellois ayant la possibilit\u00e9 de travailler et de progresser dans les divers secteurs \u00e9conomiques de notre pays. Aux Seychelles, il existe une politique de protection sociale pour l\u2019ensemble des citoyens, les enfants et les personnes du troisi\u00e8me \u00e2ge ; le syst\u00e8me \u00e9ducatif et la sant\u00e9, comme vous le savez, sont gratuits aux Seychelles.<\/p>\n\n\n\n<h3 class=\"wp-block-heading\">Vous \u00eates Pr\u00e9sident du Conseil des Ministres de la COI. Comment analysez-vous, dans ce cadre, vos missions ?<\/h3>\n\n\n\n<p>La pr\u00e9sidence seychelloise de la COI que j\u2019assume depuis septembre 2018 s&rsquo;appuie sur trois th\u00e9matiques que nous estimons capitales pour notre sous-r\u00e9gion, \u00e0 savoir : les actions en faveur de l&rsquo;\u00e9conomie bleue ; la s\u00e9curit\u00e9 maritime ; ainsi que la modernisation de notre organisation. A cela, s&rsquo;ajoute la promotion des int\u00e9r\u00eats insulaires dans le cadre de I&rsquo;int\u00e9gration \u00e9conomique et commerciale qui est un axe transversal de l\u2019action attendue de la COI. Toutes ces actions devront bien entendu se conformer au plan de d\u00e9veloppement strat\u00e9gique (PDS) pour la p\u00e9riode 2018-2021 adopt\u00e9 lors du dernier Conseil des ministres tenu \u00e0 Maurice en septembre 2018. La pr\u00e9sidence seychelloise a \u00e9galement accompagn\u00e9 depuis d\u00e9cembre dernier nos pays fr\u00e8res, notamment Madagascar et l\u2019Union des Comores, dans leur processus \u00e9lectoral afin de garantir que la paix, la d\u00e9mocratie et la stabilit\u00e9 r\u00e8gnent dans notre r\u00e9gion et cela dans le strict respect de la souverainet\u00e9. Le 34\u00e8me Conseil des ministres de la COI que les Seychelles abriteront en octobre sera l\u2019occasion de faire le bilan des actions men\u00e9es durant notre pr\u00e9sidence<\/p>\n\n\n\n<h3 class=\"wp-block-heading\">Et pour conclure ?<\/h3>\n\n\n\n<p>Et pour conclure ? Notre r\u00e9gion de l\u2019Indianoc\u00e9anie est vuln\u00e9rable par nature, notamment aux effets du changement climatique comme aux chocs \u00e9conomiques mondiaux. Mais nos Etats insulaires partagent une m\u00eame ambition qui prend forme dans l\u2019action r\u00e9gionale de la COI. Je suis heureux que les Nouvelles Parlementaires nous offrent l\u2019occasion de faire conna\u00eetre les d\u00e9fis dans nos \u00eeles et plus encore leurs atouts et leur volont\u00e9 d\u2019allier responsabilit\u00e9 \u00e9cologique et sociale avec les imp\u00e9ratifs \u00e9conomiques.<\/p>\n","protected":false},"excerpt":{"rendered":"<p>Depuis septembre 2018, la pr\u00e9sidence seychelloise du Conseil des Ministres de la COI s&rsquo;appuie sur les actions en faveur de l&rsquo;\u00e9conomie bleue, la s\u00e9curit\u00e9 maritime, la promotion des int\u00e9r\u00eats consulaires ainsi que la modernisation de la Commission de l\u2019oc\u00e9an Indien. Apr\u00e8s avoir connu une s\u00e9v\u00e8re crise de la balance des paiements et de l\u2019endettement en [&hellip;]<\/p>\n","protected":false},"author":1,"featured_media":1863,"comment_status":"closed","ping_status":"closed","sticky":false,"template":"","format":"standard","meta":{"footnotes":""},"categories":[19],"tags":[],"class_list":["post-1862","post","type-post","status-publish","format-standard","has-post-thumbnail","hentry","category-developpement-durable"],"_links":{"self":[{"href":"https:\/\/swissmedia.uk\/index.php\/wp-json\/wp\/v2\/posts\/1862","targetHints":{"allow":["GET"]}}],"collection":[{"href":"https:\/\/swissmedia.uk\/index.php\/wp-json\/wp\/v2\/posts"}],"about":[{"href":"https:\/\/swissmedia.uk\/index.php\/wp-json\/wp\/v2\/types\/post"}],"author":[{"embeddable":true,"href":"https:\/\/swissmedia.uk\/index.php\/wp-json\/wp\/v2\/users\/1"}],"replies":[{"embeddable":true,"href":"https:\/\/swissmedia.uk\/index.php\/wp-json\/wp\/v2\/comments?post=1862"}],"version-history":[{"count":1,"href":"https:\/\/swissmedia.uk\/index.php\/wp-json\/wp\/v2\/posts\/1862\/revisions"}],"predecessor-version":[{"id":1864,"href":"https:\/\/swissmedia.uk\/index.php\/wp-json\/wp\/v2\/posts\/1862\/revisions\/1864"}],"wp:featuredmedia":[{"embeddable":true,"href":"https:\/\/swissmedia.uk\/index.php\/wp-json\/wp\/v2\/media\/1863"}],"wp:attachment":[{"href":"https:\/\/swissmedia.uk\/index.php\/wp-json\/wp\/v2\/media?parent=1862"}],"wp:term":[{"taxonomy":"category","embeddable":true,"href":"https:\/\/swissmedia.uk\/index.php\/wp-json\/wp\/v2\/categories?post=1862"},{"taxonomy":"post_tag","embeddable":true,"href":"https:\/\/swissmedia.uk\/index.php\/wp-json\/wp\/v2\/tags?post=1862"}],"curies":[{"name":"wp","href":"https:\/\/api.w.org\/{rel}","templated":true}]}}