{"id":1859,"date":"2024-06-26T21:27:03","date_gmt":"2024-06-26T19:27:03","guid":{"rendered":"https:\/\/lesnouvellesparlementaires.eu\/?p=1859"},"modified":"2024-06-26T21:47:42","modified_gmt":"2024-06-26T19:47:42","slug":"les-iles-sont-les-premieresvictimes-des-dereglements-climatiques","status":"publish","type":"post","link":"https:\/\/swissmedia.uk\/index.php\/2024\/06\/26\/les-iles-sont-les-premieresvictimes-des-dereglements-climatiques\/","title":{"rendered":"Les \u00eeles sont les premi\u00e8resvictimes des d\u00e9r\u00e8glements climatiques !"},"content":{"rendered":"\n<h3 class=\"wp-block-heading\">Alors qu\u2019elles ne contribuent qu\u2019\u00e0 hauteur de 0,03 % aux \u00e9missions mondiales de gaz \u00e0 effet de serre, les \u00eeles subissent de plein fouet les cons\u00e9quences du changement climatique qui affectent la p\u00eache, l\u2019alimentation et le tourisme ; et l\u2019Indianoc\u00e9anie est la deuxi\u00e8me r\u00e9gion du monde la plus expos\u00e9e aux catastrophes naturelles.<\/h3>\n\n\n\n<p>Depuis la COP21, les questions climatiques occupent largement l\u2019Agenda 2030 du d\u00e9veloppement durable. Comment analysez-vous l\u2019impact du changement climatique sur les \u00eeles de la COI ? D\u2019une mani\u00e8re g\u00e9n\u00e9rale, les \u00eeles sont les premi\u00e8res victimes des d\u00e9r\u00e8glements climatiques. Et pour[1]tant, elles ne contribuent qu\u2019\u00e0 hauteur de 0,03 % aux \u00e9missions mondiales de gaz \u00e0 effet de serre ! Il y a l\u00e0 comme une forme d\u2019injustice. La COI a forte[1]ment plaid\u00e9 dans les fora internationaux pour une reconnaissance de leur sp\u00e9cificit\u00e9, de leur vuln\u00e9rabilit\u00e9 intrins\u00e8que aux effets du changement climatique et donc pour un traitement diff\u00e9renci\u00e9 de la part de la communaut\u00e9 internationale dans l\u2019octroi de l\u2019aide publique. C\u2019est ce message qui \u00e9tait au c\u0153ur de la Conf\u00e9rence des Nations unies pour les Petits \u00c9tats insulaires en d\u00e9veloppement de Samoa en 2014. Et preuve de la justesse de notre plaidoyer, l\u2019Union europ\u00e9enne a, dans une d\u00e9claration conjointe avec la COI en marge de la COP21 en 2015, reconnu la n\u00e9cessit\u00e9 d\u2019un traitement diff\u00e9renci\u00e9 pour les \u00eeles. Quels sont les effets ressentis dans les \u00eeles ? Nos populations vivent concr\u00e8tement, au quotidien, les effets du changement climatique. Les coraux blanchissent, ce qui a des cons\u00e9quences sur la vie marine et donc sur la p\u00eache, l\u2019alimentation ou en[1]core le tourisme. Les plages s\u2019\u00e9rodent rapidement et le niveau de la mer tend \u00e0 monter. Les risques de catastrophes naturelles s\u2019intensifient. Kenneth, cyclone qui a durement frapp\u00e9 les Comores les 24 et 25 avril 2019 avec des rafales de l\u2019ordre de 200 km\/h, t\u00e9moigne des menaces qui p\u00e8sent sur notre r\u00e9gion. Pire, ce sont des cyclones tropicaux tr\u00e8s intenses qui ont touch\u00e9 des zones g\u00e9n\u00e9ralement \u00e9pargn\u00e9es comme les Comores en avril ou l\u2019\u00eele de Farquhar aux Seychelles avec Fantala en 2016.<\/p>\n\n\n\n<h3 class=\"wp-block-heading\">Comment la COI s\u2019engage-t-elle pour mettre en place des programmes adapt\u00e9s ? Avec quels partenaires ?<\/h3>\n\n\n\n<p>\u00c0 la COI, nous sommes conscients de la vuln\u00e9rabilit\u00e9 de nos territoires et de nos populations. Nos programmes visent d\u2019abord \u00e0 am\u00e9liorer la connaissance et la compr\u00e9hension des risques climatiques dans nos \u00eeles puis \u00e0 renforcer la r\u00e9silience, les capacit\u00e9s nationales de pr\u00e9vention et de gestion des crises ou encore les techniques de pr\u00e9visions saisonni\u00e8res. Je tiens ici \u00e0 dire que les partenaires au d\u00e9veloppement sont tr\u00e8s \u00e0 l\u2019\u00e9coute sur ces sujets. La COI a ainsi pu compter sur l\u2019appui de l\u2019AFD, de l\u2019Union europ\u00e9enne, de la Banque mondiale, du Bureau des Nations unies pour la r\u00e9duction des risques de catastrophes, de l\u2019Organisation m\u00e9t\u00e9orologique mondiale ou encore de la plateforme r\u00e9gionale d\u2019intervention de la Croix-Rouge bas\u00e9e \u00e0 La R\u00e9union et, nous l\u2019esp\u00e9rons, le Fonds vert pour le climat dans un proche avenir. Les actions conduites et \u00e0 conduire sont nombreuses car c\u2019est une approche globale des effets du changement climatique qu\u2019il convient d\u2019adopter pour mettre en place des mesures d\u2019att\u00e9nuation et d\u2019adaptation. Pour ma part, il me semble que nos capacit\u00e9s de surveillance des territoires, avec le concours des technologies spatiales, comme nos capacit\u00e9s de planification des risques sont au c\u0153ur de la r\u00e9ponse \u00e0 apporter. Il faut investir dans la pr\u00e9vention des risques, c\u2019est essentiel surtout lorsque l\u2019on sait qu\u2019un dollar investi dans la pr\u00e9vention per[1]met d\u2019\u00e9conomiser quatre dollars dans une situation post-catastrophe. La question est d\u2019autant plus centrale dans nos \u00eeles aux moyens limit\u00e9s. Les co\u00fbts de reconstruction sont souvent \u00e9lev\u00e9s. Cette ann\u00e9e, l\u2019\u00eele mauricienne de Rodrigues a \u00e9t\u00e9 frapp\u00e9e par deux fois en l\u2019espace d\u2019un mois par des cyclones. Il faut du temps pour se relever et, surtout, il est essentiel de reb\u00e2tir de mani\u00e8re innovante et en phase avec les risques pour limiter les risques de catastrophes dans le futur.<\/p>\n\n\n\n<h3 class=\"wp-block-heading\">Quelles sont les perspectives et quels sont vos besoins dans ce domaine ?<\/h3>\n\n\n\n<p>La COI a d\u00e9velopp\u00e9 un plan r\u00e9gional d\u2019adaptation aux effets du changement climatique et de r\u00e9duction des risques de catastrophes. Ce plan a \u00e9t\u00e9 \u00e9labor\u00e9 sur la base des \u00e9tudes conduites par diff\u00e9rents projets que nous avons mis en \u0153uvre et qui ont permis, entre autres, de dresser les profils de risque pour chacun de nos pays. Ces profils identifient les principaux risques pour chaque \u00eele et constituent donc un cadre de r\u00e9f\u00e9rence pour la pr\u00e9vention et la gestion des risques. La COI travaille actuellement sur des projets de renforcement des capacit\u00e9s des services nationaux de m\u00e9t\u00e9orologie afin d\u2019affiner les pr\u00e9visions et de mieux informer les institutions publiques, les op\u00e9rateurs \u00e9conomiques et les citoyens sur les \u00e9v\u00e9nements m\u00e9t\u00e9o. Nous envisageons aussi de travailler sur des projets d\u2019adaptation qui auront une composante en am\u00e9nagement du territoire. \u00c0 cela s\u2019ajoutent des projets d\u2019att\u00e9nuation comme pour les \u00e9nergies renouvelables ou encore des projets d\u2019adaptation en faveur d\u2019une gestion responsable des \u00e9cosyst\u00e8mes qui constituent des barri\u00e8res naturelles contre les ph\u00e9nom\u00e8nes naturels intenses.<\/p>\n","protected":false},"excerpt":{"rendered":"<p>Alors qu\u2019elles ne contribuent qu\u2019\u00e0 hauteur de 0,03 % aux \u00e9missions mondiales de gaz \u00e0 effet de serre, les \u00eeles subissent de plein fouet les cons\u00e9quences du changement climatique qui affectent la p\u00eache, l\u2019alimentation et le tourisme ; et l\u2019Indianoc\u00e9anie est la deuxi\u00e8me r\u00e9gion du monde la plus expos\u00e9e aux catastrophes naturelles. Depuis la COP21, [&hellip;]<\/p>\n","protected":false},"author":1,"featured_media":1860,"comment_status":"closed","ping_status":"closed","sticky":false,"template":"","format":"standard","meta":{"footnotes":""},"categories":[19],"tags":[],"class_list":["post-1859","post","type-post","status-publish","format-standard","has-post-thumbnail","hentry","category-developpement-durable"],"_links":{"self":[{"href":"https:\/\/swissmedia.uk\/index.php\/wp-json\/wp\/v2\/posts\/1859","targetHints":{"allow":["GET"]}}],"collection":[{"href":"https:\/\/swissmedia.uk\/index.php\/wp-json\/wp\/v2\/posts"}],"about":[{"href":"https:\/\/swissmedia.uk\/index.php\/wp-json\/wp\/v2\/types\/post"}],"author":[{"embeddable":true,"href":"https:\/\/swissmedia.uk\/index.php\/wp-json\/wp\/v2\/users\/1"}],"replies":[{"embeddable":true,"href":"https:\/\/swissmedia.uk\/index.php\/wp-json\/wp\/v2\/comments?post=1859"}],"version-history":[{"count":1,"href":"https:\/\/swissmedia.uk\/index.php\/wp-json\/wp\/v2\/posts\/1859\/revisions"}],"predecessor-version":[{"id":1861,"href":"https:\/\/swissmedia.uk\/index.php\/wp-json\/wp\/v2\/posts\/1859\/revisions\/1861"}],"wp:featuredmedia":[{"embeddable":true,"href":"https:\/\/swissmedia.uk\/index.php\/wp-json\/wp\/v2\/media\/1860"}],"wp:attachment":[{"href":"https:\/\/swissmedia.uk\/index.php\/wp-json\/wp\/v2\/media?parent=1859"}],"wp:term":[{"taxonomy":"category","embeddable":true,"href":"https:\/\/swissmedia.uk\/index.php\/wp-json\/wp\/v2\/categories?post=1859"},{"taxonomy":"post_tag","embeddable":true,"href":"https:\/\/swissmedia.uk\/index.php\/wp-json\/wp\/v2\/tags?post=1859"}],"curies":[{"name":"wp","href":"https:\/\/api.w.org\/{rel}","templated":true}]}}